{"id":2720,"date":"2023-04-04T07:21:22","date_gmt":"2023-04-04T07:21:22","guid":{"rendered":"https:\/\/www.kunstteatar.hr\/plants-are-coming-back-to-kunst\/"},"modified":"2023-11-16T12:34:32","modified_gmt":"2023-11-16T12:34:32","slug":"plants-are-coming-back-to-kunst","status":"publish","type":"post","link":"https:\/\/www.kunstteatar.hr\/en\/plants-are-coming-back-to-kunst\/","title":{"rendered":"Plants are coming back to Kunst!"},"content":{"rendered":"<p>[et_pb_section fb_built=&#8221;1&#8243; theme_builder_area=&#8221;post_content&#8221; _builder_version=&#8221;4.20.2&#8243; _module_preset=&#8221;default&#8221;][\/et_pb_section][et_pb_section fb_built=&#8221;1&#8243; _builder_version=&#8221;4.16&#8243; _module_preset=&#8221;default&#8221; global_colors_info=&#8221;{}&#8221; theme_builder_area=&#8221;et_body_layout&#8221;][et_pb_row _builder_version=&#8221;4.16&#8243; _module_preset=&#8221;default&#8221; global_colors_info=&#8221;{}&#8221; theme_builder_area=&#8221;et_body_layout&#8221;][et_pb_column type=&#8221;4_4&#8243; _builder_version=&#8221;4.16&#8243; _module_preset=&#8221;default&#8221; global_colors_info=&#8221;{}&#8221; theme_builder_area=&#8221;et_body_layout&#8221;][et_pb_post_title meta=&#8221;off&#8221; _builder_version=&#8221;4.16&#8243; _module_preset=&#8221;default&#8221; global_colors_info=&#8221;{}&#8221; theme_builder_area=&#8221;et_body_layout&#8221;][\/et_pb_post_title][et_pb_text _builder_version=&#8221;4.20.2&#8243; _module_preset=&#8221;default&#8221; custom_margin=&#8221;33px|||||&#8221; hover_enabled=&#8221;0&#8243; global_colors_info=&#8221;{}&#8221; theme_builder_area=&#8221;et_body_layout&#8221; sticky_enabled=&#8221;0&#8243;]<\/p>\n<div class=\"x1g8br2z x1gn5b1j x14ctfv x1okitfd x6ikm8r x10wlt62 x1mzt3pk x1y1aw1k xn6708d xwib8y2 x1ye3gou x1n2onr6 x13faqbe x1vjfegm x1lcm9me x10y3i5r\" role=\"none\">\n<div role=\"none\" class=\"x9f619 x1n2onr6 x1ja2u2z __fb-dark-mode\">\n<div class=\"x6prxxf x1fc57z9 x1yc453h x126k92a xzsf02u\" dir=\"auto\" role=\"none\">In the KunstTeatar on the 6th and 11. April brings back the play <em>It would be a shame if the plants grow,<\/em> in which the actors <strong>Maja Posavec<\/strong> and <strong>Pavle Vrkljan<\/strong> and the author of the text <strong>Ivor Martini\u0107<\/strong> meet together on stage.<\/div>\n<\/div>\n<\/div>\n<div class=\"x1h91t0o xkh2ocl x78zum5 xdt5ytf x13a6bvl x193iq5w x1iyjqo2 xcrg951\" role=\"none\">\n<p>This play has not stopped delighting the audience since its premiere in 2019. year, and every encounter with the audience is unique and different due to the open structure of the performance.<\/p>\n<p>Critic Nina O\u017eegovi\u0107 wrote about the play: &#8220;Martini\u0107 creates a play with an open structure, the different editions of which depend on the current mood (and numerous other factors) of the author himself, but also of the actors, which gives it a documentary and liveliness.&#8221;<\/p>\n<p>Maja Posavec, Pavle Vrkljan and Ivor Martini\u0107 thus lead the audience through a story about the end of a love, and at the same time they also tell a love story about the theater itself.<\/p>\n<p>The text received numerous new versions in a relatively short time. The author himself directed the Spanish version of the play, in which there are three different versions of the story, and the Serbian version, in two variants, which is shown in an interesting space of a civic apartment, produced by Heartefakt. The text premiered in two different productions in Argentina and Uruguay, and new premieres are planned for this year in Argentina, Peru, Brazil, the Netherlands and Spain, this time in the Basque language.<\/p>\n<p>The play was co-produced by T25 and KunstTeatr.<\/p>\n<\/div>\n<p>[\/et_pb_text][\/et_pb_column][\/et_pb_row][\/et_pb_section]<\/p>\n","protected":false},"excerpt":{"rendered":"<p>In the KunstTeatar on the 6th and 11. April brings back the play It would be a shame if the plants grow, in which the actors Maja Posavec and Pavle Vrkljan and the author of the text Ivor Martini\u0107 meet together on stage. This play has not stopped delighting the audience since its premiere in [&hellip;]<\/p>\n","protected":false},"author":1,"featured_media":2152,"comment_status":"open","ping_status":"open","sticky":false,"template":"","format":"standard","meta":{"_et_pb_use_builder":"on","_et_pb_old_content":"","_et_gb_content_width":"","footnotes":""},"categories":[9],"tags":[],"class_list":["post-2720","post","type-post","status-publish","format-standard","has-post-thumbnail","hentry","category-uncategorized"],"_links":{"self":[{"href":"https:\/\/www.kunstteatar.hr\/en\/wp-json\/wp\/v2\/posts\/2720","targetHints":{"allow":["GET"]}}],"collection":[{"href":"https:\/\/www.kunstteatar.hr\/en\/wp-json\/wp\/v2\/posts"}],"about":[{"href":"https:\/\/www.kunstteatar.hr\/en\/wp-json\/wp\/v2\/types\/post"}],"author":[{"embeddable":true,"href":"https:\/\/www.kunstteatar.hr\/en\/wp-json\/wp\/v2\/users\/1"}],"replies":[{"embeddable":true,"href":"https:\/\/www.kunstteatar.hr\/en\/wp-json\/wp\/v2\/comments?post=2720"}],"version-history":[{"count":2,"href":"https:\/\/www.kunstteatar.hr\/en\/wp-json\/wp\/v2\/posts\/2720\/revisions"}],"predecessor-version":[{"id":2722,"href":"https:\/\/www.kunstteatar.hr\/en\/wp-json\/wp\/v2\/posts\/2720\/revisions\/2722"}],"wp:featuredmedia":[{"embeddable":true,"href":"https:\/\/www.kunstteatar.hr\/en\/wp-json\/wp\/v2\/media\/2152"}],"wp:attachment":[{"href":"https:\/\/www.kunstteatar.hr\/en\/wp-json\/wp\/v2\/media?parent=2720"}],"wp:term":[{"taxonomy":"category","embeddable":true,"href":"https:\/\/www.kunstteatar.hr\/en\/wp-json\/wp\/v2\/categories?post=2720"},{"taxonomy":"post_tag","embeddable":true,"href":"https:\/\/www.kunstteatar.hr\/en\/wp-json\/wp\/v2\/tags?post=2720"}],"curies":[{"name":"wp","href":"https:\/\/api.w.org\/{rel}","templated":true}]}}